{"id":523,"date":"2026-09-01T19:56:47","date_gmt":"2026-09-01T17:56:47","guid":{"rendered":"http:\/\/mbp.kielce.pl\/bip\/?p=523"},"modified":"2026-09-01T20:32:20","modified_gmt":"2026-09-01T18:32:20","slug":"zmiana-uchwaly-w-sprawie-utworzenia-miejskiej-biblioteki-publicznej-w-kielcach","status":"publish","type":"post","link":"http:\/\/mbp.kielce.pl\/bip\/zmiana-uchwaly-w-sprawie-utworzenia-miejskiej-biblioteki-publicznej-w-kielcach\/","title":{"rendered":"Zmiana uchwa\u0142y w sprawie utworzenia Miejskiej Biblioteki Publicznej w Kielcach"},"content":{"rendered":"<p><strong>W dniu 11 czerwca 2026 r. Rada Miasta Kielce podj\u0119\u0142a Uchwa\u0142\u0119 nr XL\/718\/2026, zmieniaj\u0105c\u0105 uchwa\u0142\u0119 w sprawie utworzenia Miejskiej Biblioteki Publicznej w Kielcach.<br \/>\n<\/strong><\/p>\n<p>Uchwa\u0142a wprowadza zmian\u0119 w Statucie Miejskiej Biblioteki Publicznej im. Jerzego Pilcha w Kielcach, okre\u015blaj\u0105c zakres zada\u0144 realizowanych przez filie biblioteczne na obszarach ich dzia\u0142ania.<\/p>\n<p>Uchwa\u0142a wchodzi w \u017cycie po up\u0142ywie 14 dni od dnia jej og\u0142oszenia w Dzienniku Urz\u0119dowym Wojew\u00f3dztwa \u015awi\u0119tokrzyskiego.<\/p>\n<p><a href=\"http:\/\/mbp.kielce.pl\/bip\/wp-content\/uploads\/2026\/09\/uchwala_nr_xl_718_2026.pdf\">Tre\u015bc uchwa\u0142y<\/a><\/p>\n","protected":false},"excerpt":{"rendered":"<p>W dniu 11 czerwca 2026 r. Rada Miasta Kielce podj\u0119\u0142a Uchwa\u0142\u0119 nr XL\/718\/2026, zmieniaj\u0105c\u0105 uchwa\u0142\u0119 w sprawie utworzenia Miejskiej Biblioteki Publicznej w Kielcach. Uchwa\u0142a wprowadza zmian\u0119 w Statucie Miejskiej Biblioteki Publicznej im. Jerzego Pilcha w Kielcach, okre\u015blaj\u0105c zakres zada\u0144 realizowanych przez filie biblioteczne na obszarach ich dzia\u0142ania. Uchwa\u0142a wchodzi w \u017cycie po up\u0142ywie 14 dni &hellip; <\/p>\n<p class=\"link-more\"><a href=\"http:\/\/mbp.kielce.pl\/bip\/zmiana-uchwaly-w-sprawie-utworzenia-miejskiej-biblioteki-publicznej-w-kielcach\/\" class=\"more-link\">Czytaj dalej<span class=\"screen-reader-text\"> \u201eZmiana uchwa\u0142y w sprawie utworzenia Miejskiej Biblioteki Publicznej w Kielcach\u201d<\/span><\/a><\/p>\n","protected":false},"author":4,"featured_media":0,"comment_status":"closed","ping_status":"closed","sticky":false,"template":"","format":"standard","meta":{"footnotes":"","_links_to":"","_links_to_target":""},"categories":[7,10],"tags":[11,9],"class_list":["post-523","post","type-post","status-publish","format-standard","hentry","category-komunikaty","category-status-prawny","tag-statut","tag-uchwala","entry"],"_links":{"self":[{"href":"http:\/\/mbp.kielce.pl\/bip\/wp-json\/wp\/v2\/posts\/523","targetHints":{"allow":["GET"]}}],"collection":[{"href":"http:\/\/mbp.kielce.pl\/bip\/wp-json\/wp\/v2\/posts"}],"about":[{"href":"http:\/\/mbp.kielce.pl\/bip\/wp-json\/wp\/v2\/types\/post"}],"author":[{"embeddable":true,"href":"http:\/\/mbp.kielce.pl\/bip\/wp-json\/wp\/v2\/users\/4"}],"replies":[{"embeddable":true,"href":"http:\/\/mbp.kielce.pl\/bip\/wp-json\/wp\/v2\/comments?post=523"}],"version-history":[{"count":1,"href":"http:\/\/mbp.kielce.pl\/bip\/wp-json\/wp\/v2\/posts\/523\/revisions"}],"predecessor-version":[{"id":525,"href":"http:\/\/mbp.kielce.pl\/bip\/wp-json\/wp\/v2\/posts\/523\/revisions\/525"}],"wp:attachment":[{"href":"http:\/\/mbp.kielce.pl\/bip\/wp-json\/wp\/v2\/media?parent=523"}],"wp:term":[{"taxonomy":"category","embeddable":true,"href":"http:\/\/mbp.kielce.pl\/bip\/wp-json\/wp\/v2\/categories?post=523"},{"taxonomy":"post_tag","embeddable":true,"href":"http:\/\/mbp.kielce.pl\/bip\/wp-json\/wp\/v2\/tags?post=523"}],"curies":[{"name":"wp","href":"https:\/\/api.w.org\/{rel}","templated":true}]}}